{"id":78,"date":"2019-12-05T20:15:36","date_gmt":"2019-12-05T19:15:36","guid":{"rendered":"http:\/\/liceum.dukla.pl\/?p=78"},"modified":"2019-12-05T20:15:38","modified_gmt":"2019-12-05T19:15:38","slug":"iv-miejsce-uczniow-w-ringo-w-szkolnej-lidze-sportowej","status":"publish","type":"post","link":"https:\/\/liceum.dukla.pl\/index.php\/2019\/12\/05\/iv-miejsce-uczniow-w-ringo-w-szkolnej-lidze-sportowej\/","title":{"rendered":"IV miejsce uczni\u00f3w w ringo w Szkolnej Lidze Sportowej"},"content":{"rendered":"<p dir=\"ltr\">Nasi uczniowie w pi\u0105tek 29.11.2019 rywalizowali \u017ce zmiennym szcz\u0119\u015bciem<br \/>\nw rozgrywkach w ringo. Nasz\u0105 szko\u0142\u0119 reprezentowali Natalia Delimat, Oliwia Kr\u00f3l, Mateusz Ukleja oraz Pawe\u0142 Mazur.<br \/>\nWyniki mecz\u00f3w:<\/p>\n<p dir=\"ltr\">Wietrzno &#8211; Dukla 0:2<br \/>\nWietrzno &#8211; Iwla 2:1<br \/>\nWietrzno &#8211; Tylawa 2:1<br \/>\nWietrzno &#8211; G\u0142ojsce 1:2<br \/>\nWietrzno &#8211; R\u00f3wne 2:0<br \/>\nWietrzno &#8211; Jasionka 2:0<br \/>\nWietrzno &#8211; \u0141\u0119ki Dukielskie 0:2<\/p>\n<p dir=\"ltr\">Klasyfikacja ko\u0144cowa:<\/p>\n<p dir=\"ltr\">1.Dukla<br \/>\n2.\u0141\u0119ki Dukielskie<br \/>\n3. G\u0142ojsce<br \/>\n4.WIETRZNO<br \/>\n5. Iwla<br \/>\n6. Tylawa<br \/>\n7.R\u00f3wne<br \/>\n8. Jasionka<\/p>\n","protected":false},"excerpt":{"rendered":"<p>Nasi uczniowie w pi\u0105tek 29.11.2019 rywalizowali \u017ce zmiennym szcz\u0119\u015bciem w rozgrywkach w ringo. Nasz\u0105 szko\u0142\u0119 reprezentowali Natalia Delimat, Oliwia Kr\u00f3l,<\/p>\n","protected":false},"author":1,"featured_media":79,"comment_status":"open","ping_status":"open","sticky":false,"template":"","format":"standard","meta":{"footnotes":""},"categories":[3,4],"tags":[],"class_list":["post-78","post","type-post","status-publish","format-standard","has-post-thumbnail","hentry","category-aktualnosci","category-sport"],"_links":{"self":[{"href":"https:\/\/liceum.dukla.pl\/index.php\/wp-json\/wp\/v2\/posts\/78","targetHints":{"allow":["GET"]}}],"collection":[{"href":"https:\/\/liceum.dukla.pl\/index.php\/wp-json\/wp\/v2\/posts"}],"about":[{"href":"https:\/\/liceum.dukla.pl\/index.php\/wp-json\/wp\/v2\/types\/post"}],"author":[{"embeddable":true,"href":"https:\/\/liceum.dukla.pl\/index.php\/wp-json\/wp\/v2\/users\/1"}],"replies":[{"embeddable":true,"href":"https:\/\/liceum.dukla.pl\/index.php\/wp-json\/wp\/v2\/comments?post=78"}],"version-history":[{"count":1,"href":"https:\/\/liceum.dukla.pl\/index.php\/wp-json\/wp\/v2\/posts\/78\/revisions"}],"predecessor-version":[{"id":80,"href":"https:\/\/liceum.dukla.pl\/index.php\/wp-json\/wp\/v2\/posts\/78\/revisions\/80"}],"wp:featuredmedia":[{"embeddable":true,"href":"https:\/\/liceum.dukla.pl\/index.php\/wp-json\/wp\/v2\/media\/79"}],"wp:attachment":[{"href":"https:\/\/liceum.dukla.pl\/index.php\/wp-json\/wp\/v2\/media?parent=78"}],"wp:term":[{"taxonomy":"category","embeddable":true,"href":"https:\/\/liceum.dukla.pl\/index.php\/wp-json\/wp\/v2\/categories?post=78"},{"taxonomy":"post_tag","embeddable":true,"href":"https:\/\/liceum.dukla.pl\/index.php\/wp-json\/wp\/v2\/tags?post=78"}],"curies":[{"name":"wp","href":"https:\/\/api.w.org\/{rel}","templated":true}]}}