{"id":1219,"date":"2023-07-07T13:02:11","date_gmt":"2023-07-07T11:02:11","guid":{"rendered":"http:\/\/liceum.dukla.pl\/?p=1219"},"modified":"2023-07-07T13:02:11","modified_gmt":"2023-07-07T11:02:11","slug":"uczniowie-lo-wykazuja-sie-kreatywnoscia","status":"publish","type":"post","link":"https:\/\/liceum.dukla.pl\/index.php\/2023\/07\/07\/uczniowie-lo-wykazuja-sie-kreatywnoscia\/","title":{"rendered":"Uczniowie LO wykazuj\u0105 si\u0119 kreatywno\u015bci\u0105"},"content":{"rendered":"<p>Wspominamy ERASMUS+, gdzie uczniowie wsp\u00f3\u0142tworzyli utw\u00f3r muzyczny wraz z innymi uczestnikami projektu z Czech i Rumunii. Dzi\u0119ki tej wsp\u00f3\u0142pracy, mamy przyjemno\u015b\u0107 zaprezentowa\u0107 kreatywno\u015b\u0107 naszej m\u0142odzie\u017cy<\/p>\n<p><iframe loading=\"lazy\" title=\"Sounds of cultures\" width=\"800\" height=\"450\" src=\"https:\/\/www.youtube.com\/embed\/OOJFe8ZUILY?feature=oembed\" frameborder=\"0\" allow=\"accelerometer; autoplay; clipboard-write; encrypted-media; gyroscope; picture-in-picture; web-share\" allowfullscreen><\/iframe><\/p>\n","protected":false},"excerpt":{"rendered":"<p>Wspominamy ERASMUS+, gdzie uczniowie wsp\u00f3\u0142tworzyli utw\u00f3r muzyczny wraz z innymi uczestnikami projektu z Czech i Rumunii. Dzi\u0119ki tej wsp\u00f3\u0142pracy, mamy<\/p>\n","protected":false},"author":2,"featured_media":1220,"comment_status":"closed","ping_status":"open","sticky":false,"template":"","format":"standard","meta":{"footnotes":""},"categories":[3],"tags":[],"class_list":["post-1219","post","type-post","status-publish","format-standard","has-post-thumbnail","hentry","category-aktualnosci"],"_links":{"self":[{"href":"https:\/\/liceum.dukla.pl\/index.php\/wp-json\/wp\/v2\/posts\/1219","targetHints":{"allow":["GET"]}}],"collection":[{"href":"https:\/\/liceum.dukla.pl\/index.php\/wp-json\/wp\/v2\/posts"}],"about":[{"href":"https:\/\/liceum.dukla.pl\/index.php\/wp-json\/wp\/v2\/types\/post"}],"author":[{"embeddable":true,"href":"https:\/\/liceum.dukla.pl\/index.php\/wp-json\/wp\/v2\/users\/2"}],"replies":[{"embeddable":true,"href":"https:\/\/liceum.dukla.pl\/index.php\/wp-json\/wp\/v2\/comments?post=1219"}],"version-history":[{"count":1,"href":"https:\/\/liceum.dukla.pl\/index.php\/wp-json\/wp\/v2\/posts\/1219\/revisions"}],"predecessor-version":[{"id":1221,"href":"https:\/\/liceum.dukla.pl\/index.php\/wp-json\/wp\/v2\/posts\/1219\/revisions\/1221"}],"wp:featuredmedia":[{"embeddable":true,"href":"https:\/\/liceum.dukla.pl\/index.php\/wp-json\/wp\/v2\/media\/1220"}],"wp:attachment":[{"href":"https:\/\/liceum.dukla.pl\/index.php\/wp-json\/wp\/v2\/media?parent=1219"}],"wp:term":[{"taxonomy":"category","embeddable":true,"href":"https:\/\/liceum.dukla.pl\/index.php\/wp-json\/wp\/v2\/categories?post=1219"},{"taxonomy":"post_tag","embeddable":true,"href":"https:\/\/liceum.dukla.pl\/index.php\/wp-json\/wp\/v2\/tags?post=1219"}],"curies":[{"name":"wp","href":"https:\/\/api.w.org\/{rel}","templated":true}]}}